{"id":9005,"date":"2021-12-27T09:35:41","date_gmt":"2021-12-27T09:35:41","guid":{"rendered":"http:\/\/ekolurra2021.hl1058.dinaserver.com\/ekolurra-14-2003-uda\/"},"modified":"2022-01-20T09:58:21","modified_gmt":"2022-01-20T09:58:21","slug":"ekolurra-14-2003-verano","status":"publish","type":"post","link":"https:\/\/ekolurra.eus\/es\/ekolurra-14-2003-verano\/","title":{"rendered":"Ekolurra 14. 2003 verano"},"content":{"rendered":"<ul>\n<li>AZALA<\/li>\n<li>EDITORIALA. Badaberririk! Tres novedades Tres<\/li>\n<li>ALBISTEA. La agricultura ecol\u00f3gica se ha acercado al Parlamento Vasco<\/li>\n<li>ERREPORTAIA. Agricultura ecol\u00f3gica en una comunidad terap\u00e9utica<\/li>\n<li>GONBIDATUA. Alberto Altube. Elikaduran aditua eta Euskadi Irratiko kolaboratzailea<\/li>\n<li>ALBISTEAK\n<ul>\n<li>Serafin Sanjuanen etxean auzolanean<\/li>\n<li>El Ministerio y la CE preparan planes para desarrollar la Agricultura Ecol\u00f3gica<\/li>\n<li>2\u00aa edici\u00f3n de la lista roja y verde de alimentos transg\u00e9nicos<\/li>\n<li>Vegetales contaminados vendidos en Brasil<\/li>\n<li>Residuos de pesticidas en frutas y hortalizas<\/li>\n<li>Informe del ITG Agr\u00edcola favorable a la rotaci\u00f3n de cultivos<\/li>\n<\/ul>\n<\/li>\n<li>ELKARTEAK\n<ul>\n<li>Bionekazaritza: Nuevo convenio de colaboraci\u00f3n de la Diputaci\u00f3n Foral con Bionekazaritza<\/li>\n<li>Ekolur: Renovaciones en Ekolur<\/li>\n<li>Biolur: Barazkigintza lantaldearen funtzionamendua aurrera begira<\/li>\n<li>BLE: Eskolako jantokian menu ekologikoa<\/li>\n<li>Lurreko: Agricultura org\u00e1nica, alternativa de vida<\/li>\n<li>Otarra: \u2018Ez dugu zaborra jan nahi -No queremos comer mierda\u2019<\/li>\n<li>La Coordinadora de Consumo Ecol\u00f3gico analizar\u00e1 la presencia de transg\u00e9nicos<\/li>\n<\/ul>\n<\/li>\n<li>KONTSUMOA. Resultados de la cata de tomates y zanahorias ecol\u00f3gicos<\/li>\n<li>ELKARRIZKETA.Manuel Ruiz Hern\u00e1ndez. Ingeniero T\u00e9cnico Agr\u00edcola<\/li>\n<li>GAIA. No sabemos con exactitud el da\u00f1o que est\u00e1 causando la contaminaci\u00f3n ambiental<\/li>\n<li>EGUTEGI BIODINAMIKOA<\/li>\n<li>TEKNIKOEN AHOTIK\n<ul>\n<li>ARAUTEGIA. Nuevas modificaciones en el Reglamento<\/li>\n<li>BARAZKIAK. La caracterizaci\u00f3n de variedades de semillas ayudar\u00e1 a su recuperaci\u00f3n y valoraci\u00f3n<\/li>\n<li>HAZIAK. Se intensifican los encuentros internacionales para buscar soluci\u00f3n a la falta de semillas ecol\u00f3gicas<\/li>\n<li>KONTSULTAK. Intxaur barietateen produkzioa eta baratzan errotazio faltaren ondorioak<\/li>\n<li>MAHASTIZAINTZA. Irulegi eta Bargotako esperientziak ezagutzen<\/li>\n<li>FRUTAZAINTZA. Intxaurrondoaren aukerak aztertzen Zumarragako Agerre baserrian<\/li>\n<\/ul>\n<\/li>\n<li>EKODENDA<\/li>\n<li>ELIKAGAI EKOLOGIKOAK AURKEZTEN. Aldaba Zahar ahuntz gazta<\/li>\n<li>PRODUKTOREAK. Angel Fern\u00e1ndez de Labastida<\/li>\n<li>AGENDA<\/li>\n<li>EKIMENAK\n<ul>\n<li>Manttangorri<\/li>\n<li>Soronea<\/li>\n<\/ul>\n<\/li>\n<li>KONTRAZALA<\/li>\n<\/ul>\n","protected":false},"excerpt":{"rendered":"<p>AZALA EDITORIALA. Badaberririk! Tres novedades Tres ALBISTEA. La agricultura ecol\u00f3gica se ha acercado al Parlamento Vasco ERREPORTAIA. Agricultura ecol\u00f3gica en una comunidad terap\u00e9utica GONBIDATUA. Alberto Altube. Elikaduran aditua eta Euskadi Irratiko kolaboratzailea ALBISTEAK Serafin Sanjuanen etxean auzolanean El Ministerio y la CE preparan planes para desarrollar la Agricultura Ecol\u00f3gica 2\u00aa edici\u00f3n de la lista roja y verde de alimentos transg\u00e9nicos&#8230;<\/p>\n","protected":false},"author":1,"featured_media":8750,"comment_status":"closed","ping_status":"closed","sticky":false,"template":"","format":"standard","meta":{"footnotes":""},"categories":[23],"tags":[],"class_list":["post-9005","post","type-post","status-publish","format-standard","has-post-thumbnail","category-hemeroteca"],"yoast_head":"<!-- This site is optimized with the Yoast SEO plugin v27.5 - https:\/\/yoast.com\/product\/yoast-seo-wordpress\/ -->\n<title>Ekolurra 14. 2003 verano - ekolurra<\/title>\n<meta name=\"robots\" content=\"index, follow, max-snippet:-1, max-image-preview:large, max-video-preview:-1\" \/>\n<link rel=\"canonical\" href=\"https:\/\/ekolurra.eus\/ekolurra-14-2003-uda\/\" \/>\n<meta property=\"og:locale\" content=\"es_ES\" \/>\n<meta property=\"og:type\" content=\"article\" \/>\n<meta property=\"og:title\" content=\"Ekolurra 14. 2003 verano - ekolurra\" \/>\n<meta property=\"og:description\" content=\"AZALA EDITORIALA. Badaberririk! Tres novedades Tres ALBISTEA. La agricultura ecol\u00f3gica se ha acercado al Parlamento Vasco ERREPORTAIA. Agricultura ecol\u00f3gica en una comunidad terap\u00e9utica GONBIDATUA. Alberto Altube. Elikaduran aditua eta Euskadi Irratiko kolaboratzailea ALBISTEAK Serafin Sanjuanen etxean auzolanean El Ministerio y la CE preparan planes para desarrollar la Agricultura Ecol\u00f3gica 2\u00aa edici\u00f3n de la lista roja y verde de alimentos transg\u00e9nicos...\" \/>\n<meta property=\"og:url\" content=\"https:\/\/ekolurra.eus\/ekolurra-14-2003-uda\/\" \/>\n<meta property=\"og:site_name\" content=\"ekolurra\" \/>\n<meta property=\"article:published_time\" content=\"2021-12-27T09:35:41+00:00\" \/>\n<meta property=\"article:modified_time\" content=\"2022-01-20T09:58:21+00:00\" \/>\n<meta property=\"og:image\" content=\"https:\/\/ekolurra.eus\/wp-content\/uploads\/2021\/12\/small_ekolurra-14-2003-uda-1-1.jpeg\" \/>\n\t<meta property=\"og:image:width\" content=\"200\" \/>\n\t<meta property=\"og:image:height\" content=\"280\" \/>\n\t<meta property=\"og:image:type\" content=\"image\/jpeg\" \/>\n<meta name=\"author\" content=\"Admin\" \/>\n<meta name=\"twitter:card\" content=\"summary_large_image\" \/>\n<meta name=\"twitter:label1\" content=\"Escrito por\" \/>\n\t<meta name=\"twitter:data1\" content=\"Admin\" \/>\n\t<meta name=\"twitter:label2\" content=\"Tiempo de lectura\" \/>\n\t<meta name=\"twitter:data2\" content=\"2 minutos\" \/>\n<script type=\"application\/ld+json\" class=\"yoast-schema-graph\">{\"@context\":\"https:\\\/\\\/schema.org\",\"@graph\":[{\"@type\":\"Article\",\"@id\":\"https:\\\/\\\/ekolurra.eus\\\/ekolurra-14-2003-uda\\\/#article\",\"isPartOf\":{\"@id\":\"https:\\\/\\\/ekolurra.eus\\\/ekolurra-14-2003-uda\\\/\"},\"author\":{\"name\":\"Admin\",\"@id\":\"https:\\\/\\\/ekolurra.eus\\\/#\\\/schema\\\/person\\\/1efc78065baa5f33e2a0bd04ff2dd475\"},\"headline\":\"Ekolurra 14. 2003 verano\",\"datePublished\":\"2021-12-27T09:35:41+00:00\",\"dateModified\":\"2022-01-20T09:58:21+00:00\",\"mainEntityOfPage\":{\"@id\":\"https:\\\/\\\/ekolurra.eus\\\/ekolurra-14-2003-uda\\\/\"},\"wordCount\":269,\"image\":{\"@id\":\"https:\\\/\\\/ekolurra.eus\\\/ekolurra-14-2003-uda\\\/#primaryimage\"},\"thumbnailUrl\":\"https:\\\/\\\/ekolurra.eus\\\/wp-content\\\/uploads\\\/2021\\\/12\\\/small_ekolurra-14-2003-uda-1-1.jpeg\",\"articleSection\":[\"Hemeroteca\"],\"inLanguage\":\"es\"},{\"@type\":\"WebPage\",\"@id\":\"https:\\\/\\\/ekolurra.eus\\\/ekolurra-14-2003-uda\\\/\",\"url\":\"https:\\\/\\\/ekolurra.eus\\\/ekolurra-14-2003-uda\\\/\",\"name\":\"Ekolurra 14. 2003 verano - ekolurra\",\"isPartOf\":{\"@id\":\"https:\\\/\\\/ekolurra.eus\\\/#website\"},\"primaryImageOfPage\":{\"@id\":\"https:\\\/\\\/ekolurra.eus\\\/ekolurra-14-2003-uda\\\/#primaryimage\"},\"image\":{\"@id\":\"https:\\\/\\\/ekolurra.eus\\\/ekolurra-14-2003-uda\\\/#primaryimage\"},\"thumbnailUrl\":\"https:\\\/\\\/ekolurra.eus\\\/wp-content\\\/uploads\\\/2021\\\/12\\\/small_ekolurra-14-2003-uda-1-1.jpeg\",\"datePublished\":\"2021-12-27T09:35:41+00:00\",\"dateModified\":\"2022-01-20T09:58:21+00:00\",\"author\":{\"@id\":\"https:\\\/\\\/ekolurra.eus\\\/#\\\/schema\\\/person\\\/1efc78065baa5f33e2a0bd04ff2dd475\"},\"breadcrumb\":{\"@id\":\"https:\\\/\\\/ekolurra.eus\\\/ekolurra-14-2003-uda\\\/#breadcrumb\"},\"inLanguage\":\"es\",\"potentialAction\":[{\"@type\":\"ReadAction\",\"target\":[\"https:\\\/\\\/ekolurra.eus\\\/ekolurra-14-2003-uda\\\/\"]}]},{\"@type\":\"ImageObject\",\"inLanguage\":\"es\",\"@id\":\"https:\\\/\\\/ekolurra.eus\\\/ekolurra-14-2003-uda\\\/#primaryimage\",\"url\":\"https:\\\/\\\/ekolurra.eus\\\/wp-content\\\/uploads\\\/2021\\\/12\\\/small_ekolurra-14-2003-uda-1-1.jpeg\",\"contentUrl\":\"https:\\\/\\\/ekolurra.eus\\\/wp-content\\\/uploads\\\/2021\\\/12\\\/small_ekolurra-14-2003-uda-1-1.jpeg\",\"width\":200,\"height\":280},{\"@type\":\"BreadcrumbList\",\"@id\":\"https:\\\/\\\/ekolurra.eus\\\/ekolurra-14-2003-uda\\\/#breadcrumb\",\"itemListElement\":[{\"@type\":\"ListItem\",\"position\":1,\"name\":\"Home\",\"item\":\"https:\\\/\\\/ekolurra.eus\\\/es\\\/\"},{\"@type\":\"ListItem\",\"position\":2,\"name\":\"Ekolurra 14. 2003 verano\"}]},{\"@type\":\"WebSite\",\"@id\":\"https:\\\/\\\/ekolurra.eus\\\/#website\",\"url\":\"https:\\\/\\\/ekolurra.eus\\\/\",\"name\":\"ekolurra\",\"description\":\"euskal herriko ekolurra\",\"potentialAction\":[{\"@type\":\"SearchAction\",\"target\":{\"@type\":\"EntryPoint\",\"urlTemplate\":\"https:\\\/\\\/ekolurra.eus\\\/?s={search_term_string}\"},\"query-input\":{\"@type\":\"PropertyValueSpecification\",\"valueRequired\":true,\"valueName\":\"search_term_string\"}}],\"inLanguage\":\"es\"},{\"@type\":\"Person\",\"@id\":\"https:\\\/\\\/ekolurra.eus\\\/#\\\/schema\\\/person\\\/1efc78065baa5f33e2a0bd04ff2dd475\",\"name\":\"Admin\",\"image\":{\"@type\":\"ImageObject\",\"inLanguage\":\"es\",\"@id\":\"https:\\\/\\\/secure.gravatar.com\\\/avatar\\\/c54a3b0921c630a9bb57226f740a96d6cf1e84deb3d0301f39ac2682295891c7?s=96&d=mm&r=g\",\"url\":\"https:\\\/\\\/secure.gravatar.com\\\/avatar\\\/c54a3b0921c630a9bb57226f740a96d6cf1e84deb3d0301f39ac2682295891c7?s=96&d=mm&r=g\",\"contentUrl\":\"https:\\\/\\\/secure.gravatar.com\\\/avatar\\\/c54a3b0921c630a9bb57226f740a96d6cf1e84deb3d0301f39ac2682295891c7?s=96&d=mm&r=g\",\"caption\":\"Admin\"},\"url\":\"https:\\\/\\\/ekolurra.eus\\\/es\\\/author\\\/admin\\\/\"}]}<\/script>\n<!-- \/ Yoast SEO plugin. -->","yoast_head_json":{"title":"Ekolurra 14. 2003 verano - ekolurra","robots":{"index":"index","follow":"follow","max-snippet":"max-snippet:-1","max-image-preview":"max-image-preview:large","max-video-preview":"max-video-preview:-1"},"canonical":"https:\/\/ekolurra.eus\/ekolurra-14-2003-uda\/","og_locale":"es_ES","og_type":"article","og_title":"Ekolurra 14. 2003 verano - ekolurra","og_description":"AZALA EDITORIALA. Badaberririk! Tres novedades Tres ALBISTEA. La agricultura ecol\u00f3gica se ha acercado al Parlamento Vasco ERREPORTAIA. Agricultura ecol\u00f3gica en una comunidad terap\u00e9utica GONBIDATUA. Alberto Altube. Elikaduran aditua eta Euskadi Irratiko kolaboratzailea ALBISTEAK Serafin Sanjuanen etxean auzolanean El Ministerio y la CE preparan planes para desarrollar la Agricultura Ecol\u00f3gica 2\u00aa edici\u00f3n de la lista roja y verde de alimentos transg\u00e9nicos...","og_url":"https:\/\/ekolurra.eus\/ekolurra-14-2003-uda\/","og_site_name":"ekolurra","article_published_time":"2021-12-27T09:35:41+00:00","article_modified_time":"2022-01-20T09:58:21+00:00","og_image":[{"width":200,"height":280,"url":"https:\/\/ekolurra.eus\/wp-content\/uploads\/2021\/12\/small_ekolurra-14-2003-uda-1-1.jpeg","type":"image\/jpeg"}],"author":"Admin","twitter_card":"summary_large_image","twitter_misc":{"Escrito por":"Admin","Tiempo de lectura":"2 minutos"},"schema":{"@context":"https:\/\/schema.org","@graph":[{"@type":"Article","@id":"https:\/\/ekolurra.eus\/ekolurra-14-2003-uda\/#article","isPartOf":{"@id":"https:\/\/ekolurra.eus\/ekolurra-14-2003-uda\/"},"author":{"name":"Admin","@id":"https:\/\/ekolurra.eus\/#\/schema\/person\/1efc78065baa5f33e2a0bd04ff2dd475"},"headline":"Ekolurra 14. 2003 verano","datePublished":"2021-12-27T09:35:41+00:00","dateModified":"2022-01-20T09:58:21+00:00","mainEntityOfPage":{"@id":"https:\/\/ekolurra.eus\/ekolurra-14-2003-uda\/"},"wordCount":269,"image":{"@id":"https:\/\/ekolurra.eus\/ekolurra-14-2003-uda\/#primaryimage"},"thumbnailUrl":"https:\/\/ekolurra.eus\/wp-content\/uploads\/2021\/12\/small_ekolurra-14-2003-uda-1-1.jpeg","articleSection":["Hemeroteca"],"inLanguage":"es"},{"@type":"WebPage","@id":"https:\/\/ekolurra.eus\/ekolurra-14-2003-uda\/","url":"https:\/\/ekolurra.eus\/ekolurra-14-2003-uda\/","name":"Ekolurra 14. 2003 verano - ekolurra","isPartOf":{"@id":"https:\/\/ekolurra.eus\/#website"},"primaryImageOfPage":{"@id":"https:\/\/ekolurra.eus\/ekolurra-14-2003-uda\/#primaryimage"},"image":{"@id":"https:\/\/ekolurra.eus\/ekolurra-14-2003-uda\/#primaryimage"},"thumbnailUrl":"https:\/\/ekolurra.eus\/wp-content\/uploads\/2021\/12\/small_ekolurra-14-2003-uda-1-1.jpeg","datePublished":"2021-12-27T09:35:41+00:00","dateModified":"2022-01-20T09:58:21+00:00","author":{"@id":"https:\/\/ekolurra.eus\/#\/schema\/person\/1efc78065baa5f33e2a0bd04ff2dd475"},"breadcrumb":{"@id":"https:\/\/ekolurra.eus\/ekolurra-14-2003-uda\/#breadcrumb"},"inLanguage":"es","potentialAction":[{"@type":"ReadAction","target":["https:\/\/ekolurra.eus\/ekolurra-14-2003-uda\/"]}]},{"@type":"ImageObject","inLanguage":"es","@id":"https:\/\/ekolurra.eus\/ekolurra-14-2003-uda\/#primaryimage","url":"https:\/\/ekolurra.eus\/wp-content\/uploads\/2021\/12\/small_ekolurra-14-2003-uda-1-1.jpeg","contentUrl":"https:\/\/ekolurra.eus\/wp-content\/uploads\/2021\/12\/small_ekolurra-14-2003-uda-1-1.jpeg","width":200,"height":280},{"@type":"BreadcrumbList","@id":"https:\/\/ekolurra.eus\/ekolurra-14-2003-uda\/#breadcrumb","itemListElement":[{"@type":"ListItem","position":1,"name":"Home","item":"https:\/\/ekolurra.eus\/es\/"},{"@type":"ListItem","position":2,"name":"Ekolurra 14. 2003 verano"}]},{"@type":"WebSite","@id":"https:\/\/ekolurra.eus\/#website","url":"https:\/\/ekolurra.eus\/","name":"ekolurra","description":"euskal herriko ekolurra","potentialAction":[{"@type":"SearchAction","target":{"@type":"EntryPoint","urlTemplate":"https:\/\/ekolurra.eus\/?s={search_term_string}"},"query-input":{"@type":"PropertyValueSpecification","valueRequired":true,"valueName":"search_term_string"}}],"inLanguage":"es"},{"@type":"Person","@id":"https:\/\/ekolurra.eus\/#\/schema\/person\/1efc78065baa5f33e2a0bd04ff2dd475","name":"Admin","image":{"@type":"ImageObject","inLanguage":"es","@id":"https:\/\/secure.gravatar.com\/avatar\/c54a3b0921c630a9bb57226f740a96d6cf1e84deb3d0301f39ac2682295891c7?s=96&d=mm&r=g","url":"https:\/\/secure.gravatar.com\/avatar\/c54a3b0921c630a9bb57226f740a96d6cf1e84deb3d0301f39ac2682295891c7?s=96&d=mm&r=g","contentUrl":"https:\/\/secure.gravatar.com\/avatar\/c54a3b0921c630a9bb57226f740a96d6cf1e84deb3d0301f39ac2682295891c7?s=96&d=mm&r=g","caption":"Admin"},"url":"https:\/\/ekolurra.eus\/es\/author\/admin\/"}]}},"_links":{"self":[{"href":"https:\/\/ekolurra.eus\/es\/wp-json\/wp\/v2\/posts\/9005","targetHints":{"allow":["GET"]}}],"collection":[{"href":"https:\/\/ekolurra.eus\/es\/wp-json\/wp\/v2\/posts"}],"about":[{"href":"https:\/\/ekolurra.eus\/es\/wp-json\/wp\/v2\/types\/post"}],"author":[{"embeddable":true,"href":"https:\/\/ekolurra.eus\/es\/wp-json\/wp\/v2\/users\/1"}],"replies":[{"embeddable":true,"href":"https:\/\/ekolurra.eus\/es\/wp-json\/wp\/v2\/comments?post=9005"}],"version-history":[{"count":1,"href":"https:\/\/ekolurra.eus\/es\/wp-json\/wp\/v2\/posts\/9005\/revisions"}],"predecessor-version":[{"id":9025,"href":"https:\/\/ekolurra.eus\/es\/wp-json\/wp\/v2\/posts\/9005\/revisions\/9025"}],"wp:featuredmedia":[{"embeddable":true,"href":"https:\/\/ekolurra.eus\/es\/wp-json\/wp\/v2\/media\/8750"}],"wp:attachment":[{"href":"https:\/\/ekolurra.eus\/es\/wp-json\/wp\/v2\/media?parent=9005"}],"wp:term":[{"taxonomy":"category","embeddable":true,"href":"https:\/\/ekolurra.eus\/es\/wp-json\/wp\/v2\/categories?post=9005"},{"taxonomy":"post_tag","embeddable":true,"href":"https:\/\/ekolurra.eus\/es\/wp-json\/wp\/v2\/tags?post=9005"}],"curies":[{"name":"wp","href":"https:\/\/api.w.org\/{rel}","templated":true}]}}